{"id":8704,"date":"2024-03-16T12:40:51","date_gmt":"2024-03-16T11:40:51","guid":{"rendered":"http:\/\/www.eklg.hu\/?p=8704"},"modified":"2024-03-16T12:40:53","modified_gmt":"2024-03-16T11:40:53","slug":"modern-es-regi-talalkozasa","status":"publish","type":"post","link":"http:\/\/www.eklg.hu\/index.php\/2024\/03\/16\/modern-es-regi-talalkozasa\/","title":{"rendered":"Modern \u00e9s r\u00e9gi tal\u00e1lkoz\u00e1sa"},"content":{"rendered":"\n<p>Tantermek, \u00e9tkez\u0151 \u00e9s szolg\u00e1lati lak\u00e1sok is helyet kapnak a Ny\u00edregyh\u00e1zi Evang\u00e9likus Kossuth Lajos Gimn\u00e1zium \u00faj \u00e9p\u00fcletsz\u00e1rny\u00e1ban.<\/p>\n\n\n\n<!--more-->\n\n\n\n<p>A f\u0151\u00e9p\u00fclethez liftet \u00e9p\u00edtettek, az alagsorban pedig k\u00f6z\u00f6ss\u00e9gi teret hoztak l\u00e9tre. Az int\u00e9zm\u00e9nyben szennyv\u00edzberuh\u00e1z\u00e1s is zajlik. A tan\u00edt\u00e1st nem akad\u00e1lyoz\u00f3 munk\u00e1latok \u00e1prilis v\u00e9g\u00e9ig tartanak az iskol\u00e1ban.<\/p>\n\n\n\n<figure class=\"wp-block-embed is-type-video is-provider-youtube wp-block-embed-youtube wp-embed-aspect-16-9 wp-has-aspect-ratio\"><div class=\"wp-block-embed__wrapper\">\n<iframe loading=\"lazy\" title=\"Modern \u00e9s r\u00e9gi tal\u00e1lkoz\u00e1sa\" width=\"750\" height=\"422\" src=\"https:\/\/www.youtube.com\/embed\/Gee-VlOb090?feature=oembed\" frameborder=\"0\" allow=\"accelerometer; autoplay; clipboard-write; encrypted-media; gyroscope; picture-in-picture; web-share\" allowfullscreen><\/iframe>\n<\/div><\/figure>\n\n\n\n<p class=\"has-text-align-right\"><em>Forr\u00e1s: <a href=\"https:\/\/kolcseytv.hu\/hir\/modern-es-regi-talalkozasa?13978\">K\u00f6lcsey Telev\u00edzi\u00f3<\/a><\/em><\/p>\n","protected":false},"excerpt":{"rendered":"<p>Tantermek, \u00e9tkez\u0151 \u00e9s szolg\u00e1lati lak\u00e1sok is helyet kapnak a Ny\u00edregyh\u00e1zi Evang\u00e9likus Kossuth Lajos Gimn\u00e1zium \u00faj \u00e9p\u00fcletsz\u00e1rny\u00e1ban.<\/p>\n","protected":false},"author":1,"featured_media":8705,"comment_status":"closed","ping_status":"open","sticky":false,"template":"","format":"standard","meta":{"ngg_post_thumbnail":0,"footnotes":""},"categories":[70],"tags":[313,213,312],"class_list":["post-8704","post","type-post","status-publish","format-standard","has-post-thumbnail","hentry","category-tajekoztato","tag-kolcsey-televizio","tag-nyiregyhazi-evangelikus-kossuth-lajos-gimnazium","tag-sajtohir"],"_links":{"self":[{"href":"http:\/\/www.eklg.hu\/index.php\/wp-json\/wp\/v2\/posts\/8704","targetHints":{"allow":["GET"]}}],"collection":[{"href":"http:\/\/www.eklg.hu\/index.php\/wp-json\/wp\/v2\/posts"}],"about":[{"href":"http:\/\/www.eklg.hu\/index.php\/wp-json\/wp\/v2\/types\/post"}],"author":[{"embeddable":true,"href":"http:\/\/www.eklg.hu\/index.php\/wp-json\/wp\/v2\/users\/1"}],"replies":[{"embeddable":true,"href":"http:\/\/www.eklg.hu\/index.php\/wp-json\/wp\/v2\/comments?post=8704"}],"version-history":[{"count":1,"href":"http:\/\/www.eklg.hu\/index.php\/wp-json\/wp\/v2\/posts\/8704\/revisions"}],"predecessor-version":[{"id":8706,"href":"http:\/\/www.eklg.hu\/index.php\/wp-json\/wp\/v2\/posts\/8704\/revisions\/8706"}],"wp:featuredmedia":[{"embeddable":true,"href":"http:\/\/www.eklg.hu\/index.php\/wp-json\/wp\/v2\/media\/8705"}],"wp:attachment":[{"href":"http:\/\/www.eklg.hu\/index.php\/wp-json\/wp\/v2\/media?parent=8704"}],"wp:term":[{"taxonomy":"category","embeddable":true,"href":"http:\/\/www.eklg.hu\/index.php\/wp-json\/wp\/v2\/categories?post=8704"},{"taxonomy":"post_tag","embeddable":true,"href":"http:\/\/www.eklg.hu\/index.php\/wp-json\/wp\/v2\/tags?post=8704"}],"curies":[{"name":"wp","href":"https:\/\/api.w.org\/{rel}","templated":true}]}}