{"id":5978,"date":"2022-06-07T11:42:28","date_gmt":"2022-06-07T09:42:28","guid":{"rendered":"http:\/\/www.eklg.hu\/?p=5978"},"modified":"2022-06-07T11:42:28","modified_gmt":"2022-06-07T09:42:28","slug":"szorakozva-tanultak-diakjaink-horvatorszagban","status":"publish","type":"post","link":"http:\/\/www.eklg.hu\/index.php\/2022\/06\/07\/szorakozva-tanultak-diakjaink-horvatorszagban\/","title":{"rendered":"Sz\u00f3rakozva tanultak di\u00e1kjaink Horv\u00e1torsz\u00e1gban"},"content":{"rendered":"\n<p>A Lernen mit Spa\u00df-Unterrichten mit modernen Lernmethoden c\u00edm\u0171 Erasmus+ projekt\u00fcnk \u00fajabb \u00e1llom\u00e1sa Horv\u00e1torsz\u00e1g, Nasice v\u00e1rosa, ahol partneriskol\u00e1nk is tal\u00e1lhat\u00f3. A tal\u00e1lkoz\u00f3ra 2022. \u00e1prilis 03- 09 k\u00f6z\u00f6tt ker\u00fclt sor.<\/p>\n\n\n\n<!--more-->\n\n\n\n<p>Vas\u00e1rnap d\u00e9lut\u00e0n meg\u00e9rkezt\u00fcnk Nasice v\u00e1ros\u00e1ba, ahol gyorsan megismerkedt\u00fcnk a&nbsp; hotel k\u00f6r\u00fcli k\u00f6rny\u00e9kkel.<\/p>\n\n\n\n<p>A hivatalos program h\u00e9tf\u0151n reggel kezd\u0151d\u00f6tt. A sz\u00e1llod\u00e1nk m\u00f6g\u00f6tti erd\u0151t \u00e9s az \u00e9ppen fel\u00faj\u00edt\u00e1s alatt \u00e1ll\u00f3 kast\u00e9lyt l\u00e1togattuk meg. Ezut\u00e1n a helyi belv\u00e1rosba s\u00e9t\u00e1ltunk, ahol az \u00f3ri\u00e1si \u00e9s gy\u00f6ny\u00f6r\u0171 r\u00f3mai katolikus templomot n\u00e9zt\u00fck meg. Majd egy p\u00e1r percnyi s\u00e9ta ut\u00e1n egy \u2013a kertv\u00e1roshoz hasonl\u00f3 sz\u00e9ps\u00e9g\u0171 &#8211; parkhoz \u00e9s a k\u00f6zep\u00e9n d\u00edszelg\u0151 templom\u00e1hoz jutottunk el. Az els\u0151 nap d\u00e9lut\u00e1ni programjak\u00e9nt a helyi iskol\u00e1t j\u00e1rtuk be, ahol a hatalmas el\u0151ad\u00f3terembe megkezd\u0151dtek az el\u0151ad\u00e1sok. Bemutatkoz\u00e1sunk ut\u00e1n a prezent\u00e1ci\u00f3ink k\u00f6vetkeztek a magyar iskolarendszerr\u0151l, az iskol\u00e1nkr\u00f3l, \u00e9s megcsod\u00e1lhatt\u00e1k csod\u00e1latos haz\u00e1nkat is a jelenl\u00e9v\u0151k. Mindezek ut\u00e1n a helyiek k\u00f6vetkeztek, akik szint\u00e9n betekint\u00e9st engedtek a horv\u00e1t iskolarendszer m\u0171k\u00f6d\u00e9s\u00e9be. A d\u00e9lut\u00e1ni program k\u00f6vetkez\u0151 \u00e1llom\u00e1sa a n\u00e9met workshop volt. A workshop alatt megszerezett n\u00e9met tud\u00e1st k\u00f6vet\u0151en egy sz\u00f6veget kaptunk, a v\u00e1ros \u00e9s Horv\u00e1torsz\u00e1g egyik legh\u00edresebb m\u0171v\u00e9szn\u0151j\u00e9r\u0151l (Dora Pejacevic), \u00e9s ez a sz\u00f6veg szolg\u00e1lt alapj\u00e1ul a kidolgozott el\u0151ad\u00e1sunknak.<\/p>\n\n\n\n<p>A tal\u00e1lkoz\u00f3n sajnos csak a lengyelek \u00e9s mi magyarok vett\u00fcnk r\u00e9szt, \u00edgy a k\u00f6z\u00f6s programokhoz nem sok di\u00e1k j\u00e1rulhatott hozz\u00e1. Az olasz \u00e9s spanyol partnereink sajnos nem tudtak megjelenni ezen a tal\u00e1lkoz\u00f3n.<\/p>\n\n\n\n<p>Projekt\u00fcnk f\u0151 mot\u00edvuma a film. A k\u00fcl\u00f6nb\u00f6z\u0151 filmeken kereszt\u00fcl ismerkedt\u00fcnk meg a partnerek szok\u00e1saival, nevezetess\u00e9geivel, h\u00edres sz\u00edn\u00e9szeivel. A vend\u00e9gl\u00e1t\u00f3ink interj\u00fat szerveztek az egyik legh\u00edresebb horv\u00e1t sz\u00edn\u00e9szn\u0151vel, \u00edgy megismert\u00fck Areta \u0106urkovi\u0107t.<\/p>\n\n\n\n<p>Megvizsg\u00e1ltuk Rainer Maria Rilke \u00e9s Dora Pejacevic kapcsolat\u00e1t, \u00e9s egy sz\u00ednh\u00e1zi darabot is rendezt\u00fcnk, amely ezt a kapcsolatot mutatja be. Az el\u0151ad\u00e1s n\u00e9met nyelv\u0171 volt, \u00e9s az eg\u00e9sz iskola el\u0151tt mutattuk be. A koszt\u00fcm\u00f6s darabnak nagy sikere volt.<\/p>\n\n\n\n<p>A modern oktat\u00e1s jegy\u00e9ben a Stop Motion Studio programmal videokat k\u00e9sz\u00edtett\u00fcnk, nagyon sz\u00f3rakoztat\u00f3 \u00e9s j\u00f3 hangulat\u00fa volt ez a workshop is.<\/p>\n\n\n\n<p>Kir\u00e1ndul\u00e1sunk alkalm\u00e1val a Baranjai term\u00e9szeti parkot \u00e9s Esz\u00e9ket n\u00e9zt\u00fck meg.<\/p>\n\n\n\n<p>A kir\u00e1ndul\u00e1sunk utols\u00f3 napja nagyon gyorsan eltelt. A napot az ottani iskol\u00e1ban kezdt\u00fck. Mivel a sz\u00e1llod\u00e1nkt\u00f3l csak n\u00e9h\u00e1ny perc s\u00e9t\u00e1ra volt tal\u00e1lhat\u00f3, reggel m\u00e9g egyszer utolj\u00e1ra meg tudtuk csod\u00e1lni a hegyekkel \u00e9s dombokkal k\u00f6r\u00fcl\u00f6lelt kis v\u00e1rost. Az iskol\u00e1ban m\u00e9g v\u00e0rt r\u00e1nk egy-k\u00e9t izgalmas feladat, ami ut\u00e1n \u00e1tvehett\u00fck a n\u00e9met nyelv\u0171, szem\u00e9lyre sz\u00f3l\u00f3 tan\u00fas\u00edtv\u00e1nyainkat, a tal\u00e1lkoz\u00f3r\u00f3l. Ezut\u00e1n tov\u00e1bb-barangoltunk a telep\u00fcl\u00e9sen, egy tanul\u00f3konyha \u00e9p\u00fclet\u00e9be, ahol az ott, szak\u00e1csnak, felszolg\u00e1l\u00f3nak tanul\u00f3 di\u00e1kok \u00e9s tan\u00e1raik m\u00e1r nagy szeretettel v\u00e1rtak minket. Egy h\u00e1romfog\u00e1sos, sz\u00e9pen t\u00e1lalt \u00e9s \u00edzletes eb\u00e9ddel k\u00e9sz\u00fcltek sz\u00e1munkra. A d\u00e9lut\u00e1ni program a feladatok \u00f6sszes\u00edt\u00e9se \u00e9s a b\u00facs\u00faz\u00e1s volt.<\/p>\n\n\n\n<p>A tal\u00e1lkoz\u00f3n r\u00e9szt vettek:<\/p>\n\n\n\n<p>Pedag\u00f3gusok: Tam\u00e1s Melinda, Rub\u00f3czki B\u00e9la<\/p>\n\n\n\n<p>Di\u00e1kok: Horv\u00e1th Anaszt\u00e1zia, Bihari Barbara, T\u00f3th Bogl\u00e1rka, Major Fl\u00f3ra, Hadob\u00e1s N\u00e1ndor<\/p>\n\n\n\n<p>A cikket a r\u00e9sztvev\u0151 di\u00e1kok k\u00e9sz\u00edtett\u00e9k.<\/p>\n\n\n\n<figure class=\"wp-block-gallery has-nested-images columns-default is-cropped wp-block-gallery-1 is-layout-flex wp-block-gallery-is-layout-flex\">\n<figure class=\"wp-block-image size-large\"><img loading=\"lazy\" decoding=\"async\" width=\"800\" height=\"601\" data-id=\"5984\" src=\"http:\/\/www.eklg.hu\/wp-content\/uploads\/2022\/06\/horvatorszag001.jpg\" alt=\"\" class=\"wp-image-5984\" srcset=\"http:\/\/www.eklg.hu\/wp-content\/uploads\/2022\/06\/horvatorszag001.jpg 800w, http:\/\/www.eklg.hu\/wp-content\/uploads\/2022\/06\/horvatorszag001-300x225.jpg 300w, http:\/\/www.eklg.hu\/wp-content\/uploads\/2022\/06\/horvatorszag001-768x577.jpg 768w, http:\/\/www.eklg.hu\/wp-content\/uploads\/2022\/06\/horvatorszag001-150x113.jpg 150w\" sizes=\"auto, (max-width: 800px) 100vw, 800px\" \/><\/figure>\n\n\n\n<figure class=\"wp-block-image size-large\"><img loading=\"lazy\" decoding=\"async\" width=\"800\" height=\"601\" data-id=\"5981\" src=\"http:\/\/www.eklg.hu\/wp-content\/uploads\/2022\/06\/horvatorszag002.jpg\" alt=\"\" class=\"wp-image-5981\" srcset=\"http:\/\/www.eklg.hu\/wp-content\/uploads\/2022\/06\/horvatorszag002.jpg 800w, http:\/\/www.eklg.hu\/wp-content\/uploads\/2022\/06\/horvatorszag002-300x225.jpg 300w, http:\/\/www.eklg.hu\/wp-content\/uploads\/2022\/06\/horvatorszag002-768x577.jpg 768w, http:\/\/www.eklg.hu\/wp-content\/uploads\/2022\/06\/horvatorszag002-150x113.jpg 150w\" sizes=\"auto, (max-width: 800px) 100vw, 800px\" \/><\/figure>\n\n\n\n<figure class=\"wp-block-image size-large\"><img loading=\"lazy\" decoding=\"async\" width=\"800\" height=\"601\" data-id=\"5980\" src=\"http:\/\/www.eklg.hu\/wp-content\/uploads\/2022\/06\/horvatorszag003.jpg\" alt=\"\" class=\"wp-image-5980\" srcset=\"http:\/\/www.eklg.hu\/wp-content\/uploads\/2022\/06\/horvatorszag003.jpg 800w, http:\/\/www.eklg.hu\/wp-content\/uploads\/2022\/06\/horvatorszag003-300x225.jpg 300w, http:\/\/www.eklg.hu\/wp-content\/uploads\/2022\/06\/horvatorszag003-768x577.jpg 768w, http:\/\/www.eklg.hu\/wp-content\/uploads\/2022\/06\/horvatorszag003-150x113.jpg 150w\" sizes=\"auto, (max-width: 800px) 100vw, 800px\" \/><\/figure>\n\n\n\n<figure class=\"wp-block-image size-large\"><img loading=\"lazy\" decoding=\"async\" width=\"601\" height=\"800\" data-id=\"5982\" src=\"http:\/\/www.eklg.hu\/wp-content\/uploads\/2022\/06\/horvatorszag004.jpg\" alt=\"\" class=\"wp-image-5982\" srcset=\"http:\/\/www.eklg.hu\/wp-content\/uploads\/2022\/06\/horvatorszag004.jpg 601w, http:\/\/www.eklg.hu\/wp-content\/uploads\/2022\/06\/horvatorszag004-225x300.jpg 225w, http:\/\/www.eklg.hu\/wp-content\/uploads\/2022\/06\/horvatorszag004-113x150.jpg 113w\" sizes=\"auto, (max-width: 601px) 100vw, 601px\" \/><\/figure>\n\n\n\n<figure class=\"wp-block-image size-large\"><img loading=\"lazy\" decoding=\"async\" width=\"601\" height=\"800\" data-id=\"5979\" src=\"http:\/\/www.eklg.hu\/wp-content\/uploads\/2022\/06\/horvatorszag005.jpg\" alt=\"\" class=\"wp-image-5979\" srcset=\"http:\/\/www.eklg.hu\/wp-content\/uploads\/2022\/06\/horvatorszag005.jpg 601w, http:\/\/www.eklg.hu\/wp-content\/uploads\/2022\/06\/horvatorszag005-225x300.jpg 225w, http:\/\/www.eklg.hu\/wp-content\/uploads\/2022\/06\/horvatorszag005-113x150.jpg 113w\" sizes=\"auto, (max-width: 601px) 100vw, 601px\" \/><\/figure>\n\n\n\n<figure class=\"wp-block-image size-large\"><img loading=\"lazy\" decoding=\"async\" width=\"601\" height=\"800\" data-id=\"5983\" src=\"http:\/\/www.eklg.hu\/wp-content\/uploads\/2022\/06\/horvatorszag006.jpg\" alt=\"\" class=\"wp-image-5983\" srcset=\"http:\/\/www.eklg.hu\/wp-content\/uploads\/2022\/06\/horvatorszag006.jpg 601w, http:\/\/www.eklg.hu\/wp-content\/uploads\/2022\/06\/horvatorszag006-225x300.jpg 225w, http:\/\/www.eklg.hu\/wp-content\/uploads\/2022\/06\/horvatorszag006-113x150.jpg 113w\" sizes=\"auto, (max-width: 601px) 100vw, 601px\" \/><\/figure>\n<\/figure>\n","protected":false},"excerpt":{"rendered":"<p>A Lernen mit Spa\u00df-Unterrichten mit modernen Lernmethoden c\u00edm\u0171 Erasmus+ projekt\u00fcnk \u00fajabb \u00e1llom\u00e1sa Horv\u00e1torsz\u00e1g, Nasice v\u00e1rosa, ahol partneriskol\u00e1nk is tal\u00e1lhat\u00f3. A &hellip; <\/p>\n","protected":false},"author":1,"featured_media":5984,"comment_status":"closed","ping_status":"open","sticky":false,"template":"","format":"standard","meta":{"ngg_post_thumbnail":0,"footnotes":""},"categories":[152],"tags":[153],"class_list":["post-5978","post","type-post","status-publish","format-standard","has-post-thumbnail","hentry","category-lernen-mit-spas-unterrichten-mit-modernen-lernmethoden-tanulni-szorakozva-tanitas-modern-tanulasi-modszerekkel","tag-erasmus"],"_links":{"self":[{"href":"http:\/\/www.eklg.hu\/index.php\/wp-json\/wp\/v2\/posts\/5978","targetHints":{"allow":["GET"]}}],"collection":[{"href":"http:\/\/www.eklg.hu\/index.php\/wp-json\/wp\/v2\/posts"}],"about":[{"href":"http:\/\/www.eklg.hu\/index.php\/wp-json\/wp\/v2\/types\/post"}],"author":[{"embeddable":true,"href":"http:\/\/www.eklg.hu\/index.php\/wp-json\/wp\/v2\/users\/1"}],"replies":[{"embeddable":true,"href":"http:\/\/www.eklg.hu\/index.php\/wp-json\/wp\/v2\/comments?post=5978"}],"version-history":[{"count":1,"href":"http:\/\/www.eklg.hu\/index.php\/wp-json\/wp\/v2\/posts\/5978\/revisions"}],"predecessor-version":[{"id":5985,"href":"http:\/\/www.eklg.hu\/index.php\/wp-json\/wp\/v2\/posts\/5978\/revisions\/5985"}],"wp:featuredmedia":[{"embeddable":true,"href":"http:\/\/www.eklg.hu\/index.php\/wp-json\/wp\/v2\/media\/5984"}],"wp:attachment":[{"href":"http:\/\/www.eklg.hu\/index.php\/wp-json\/wp\/v2\/media?parent=5978"}],"wp:term":[{"taxonomy":"category","embeddable":true,"href":"http:\/\/www.eklg.hu\/index.php\/wp-json\/wp\/v2\/categories?post=5978"},{"taxonomy":"post_tag","embeddable":true,"href":"http:\/\/www.eklg.hu\/index.php\/wp-json\/wp\/v2\/tags?post=5978"}],"curies":[{"name":"wp","href":"https:\/\/api.w.org\/{rel}","templated":true}]}}