{"id":4610,"date":"2019-11-26T12:03:56","date_gmt":"2019-11-26T11:03:56","guid":{"rendered":"http:\/\/www.eklg.hu\/?p=4610"},"modified":"2019-11-26T12:05:26","modified_gmt":"2019-11-26T11:05:26","slug":"palyazati-lehetosegek-a-projektben-valo-reszvetelre","status":"publish","type":"post","link":"http:\/\/www.eklg.hu\/index.php\/2019\/11\/26\/palyazati-lehetosegek-a-projektben-valo-reszvetelre\/","title":{"rendered":"Essz\u00e9 p\u00e1ly\u00e1zati lehet\u0151s\u00e9g a projektben val\u00f3 r\u00e9szv\u00e9telre"},"content":{"rendered":"<p>A Ny\u00edregyh\u00e1zi Evang\u00e9likus Kossuth Lajos Gimn\u00e1zium<\/p>\n<p>p\u00e1ly\u00e1zatot hirdet\u00a0<strong><em>\u201eKedvenc magyar filmem\u201d\u00a0<\/em><\/strong><strong><em>\u00a0<\/em><\/strong>c\u00edmmel.<!--more--><\/p>\n<p>A p\u00e1ly\u00e1zat c\u00e9lja<strong>: Az Erasmus+ <\/strong>\u201eLernen mit Spa\u00df-Unterrichten mit modernen Lernmethoden\u201d vagyis \u201eSz\u00f3rakozva tanul\u00e1s- Oktat\u00e1s modern tanul\u00e1si m\u00f3dszerekkel\u201d c\u00edm\u0171 projekt keret\u00e9n bel\u00fcl a projektcsoport kiv\u00e1laszt\u00e1sa, valamint di\u00e1kjaink ismereteinek, \u00e9rdekl\u0151d\u00e9si k\u00f6r\u00e9nek \u00e9s gondolatainak megismer\u00e9se, illetve olyan filmek keres\u00e9se, amelyeket vagy egy-egy r\u00e9szlet\u00e9t megy\u00e9nkben, Ny\u00edregyh\u00e1z\u00e1n, esetleg a r\u00e9gi\u00f3nkban forgattak.<\/p>\n<p>A p\u00e1ly\u00e1zat m\u0171faja: essz\u00e9<\/p>\n<p>A p\u00e1lyamunka nyelve: magyar<\/p>\n<p>A p\u00e1lyam\u0171 terjedelme: 1-1,5, A\/4-es g\u00e9pelt oldal (az \u00e1br\u00e1k, a k\u00e9pek, a grafikonok, az al\u00e1\u00edr\u00e1sok, az irodalomjegyz\u00e9k lesz\u00e1m\u00edt\u00e1s\u00e1val), 12-es bet\u0171nagys\u00e1g, 1,5-es sort\u00e1vols\u00e1g, 2,5 cm marg\u00f3.<\/p>\n<p>A p\u00e1lyam\u0171 elk\u00e9sz\u00edt\u00e9s\u00e9nek szab\u00e1lyai:<\/p>\n<ul>\n<li>A versenyz\u0151k t\u00f6rekedjenek a megfelel\u0151 st\u00edlusra \u00e9s helyes\u00edr\u00e1sra, mert a b\u00edr\u00e1l\u00f3 bizotts\u00e1g ezt is figyelembe veszi az \u00e9rt\u00e9kel\u00e9skor.<\/li>\n<li>Az id\u00e9zetek, \u00e1br\u00e1k, (nem k\u00f6telez\u0151 elemek) irodalmi hivatkoz\u00e1sok stb. forr\u00e1sait a tudom\u00e1nyos munk\u00e1kban elv\u00e1rt m\u00f3don kell megjel\u00f6lni.<\/li>\n<li>A forr\u00e1sjegyz\u00e9k hi\u00e1nya eset\u00e9n a p\u00e1lyamunk\u00e1t a verseny-bizotts\u00e1g nem \u00e9rt\u00e9keli. (forr\u00e1smegjel\u00f6l\u00e9s csatolva)<\/li>\n<\/ul>\n<p>A jelentkez\u00e9s \u00e9s a r\u00e9szv\u00e9tel felt\u00e9telei: a p\u00e1ly\u00e1zaton b\u00e1rmely kossuthos tanul\u00f3 r\u00e9szt vehet.<\/p>\n<p>A p\u00e1lyam\u0171 kiz\u00e1r\u00f3lag a versenyz\u0151 \u00f6n\u00e1ll\u00f3 munk\u00e1ja lehet. Amennyiben a versenybizotts\u00e1g ennek ellenkez\u0151j\u00e9t \u00e1llap\u00edtja meg, a versenyz\u0151t kiz\u00e1rja a verseny r\u00e9sztvev\u0151i k\u00f6z\u00fcl.<\/p>\n<p>A p\u00e1lyam\u0171vek bead\u00e1sa: A p\u00e1lyam\u0171 elektronikus v\u00e1ltozat\u00e1t PDF-ben vagy word-ben a k\u00f6vetkez\u0151 e-mail c\u00edmre k\u00e9rj\u00fck eljuttatni: bogdangabriella79@gmail.com<\/p>\n<p>Bead\u00e1si hat\u00e1rid\u0151: 2019. december 05<\/p>\n<p>Eredm\u00e9nyhirdet\u00e9s: 2019. december 10.<\/p>\n","protected":false},"excerpt":{"rendered":"<p>A Ny\u00edregyh\u00e1zi Evang\u00e9likus Kossuth Lajos Gimn\u00e1zium p\u00e1ly\u00e1zatot hirdet\u00a0\u201eKedvenc magyar filmem\u201d\u00a0\u00a0c\u00edmmel.<\/p>\n","protected":false},"author":1,"featured_media":0,"comment_status":"closed","ping_status":"open","sticky":false,"template":"","format":"standard","meta":{"ngg_post_thumbnail":0,"footnotes":""},"categories":[152,70],"tags":[153],"class_list":["post-4610","post","type-post","status-publish","format-standard","hentry","category-lernen-mit-spas-unterrichten-mit-modernen-lernmethoden-tanulni-szorakozva-tanitas-modern-tanulasi-modszerekkel","category-tajekoztato","tag-erasmus"],"_links":{"self":[{"href":"http:\/\/www.eklg.hu\/index.php\/wp-json\/wp\/v2\/posts\/4610","targetHints":{"allow":["GET"]}}],"collection":[{"href":"http:\/\/www.eklg.hu\/index.php\/wp-json\/wp\/v2\/posts"}],"about":[{"href":"http:\/\/www.eklg.hu\/index.php\/wp-json\/wp\/v2\/types\/post"}],"author":[{"embeddable":true,"href":"http:\/\/www.eklg.hu\/index.php\/wp-json\/wp\/v2\/users\/1"}],"replies":[{"embeddable":true,"href":"http:\/\/www.eklg.hu\/index.php\/wp-json\/wp\/v2\/comments?post=4610"}],"version-history":[{"count":3,"href":"http:\/\/www.eklg.hu\/index.php\/wp-json\/wp\/v2\/posts\/4610\/revisions"}],"predecessor-version":[{"id":4613,"href":"http:\/\/www.eklg.hu\/index.php\/wp-json\/wp\/v2\/posts\/4610\/revisions\/4613"}],"wp:attachment":[{"href":"http:\/\/www.eklg.hu\/index.php\/wp-json\/wp\/v2\/media?parent=4610"}],"wp:term":[{"taxonomy":"category","embeddable":true,"href":"http:\/\/www.eklg.hu\/index.php\/wp-json\/wp\/v2\/categories?post=4610"},{"taxonomy":"post_tag","embeddable":true,"href":"http:\/\/www.eklg.hu\/index.php\/wp-json\/wp\/v2\/tags?post=4610"}],"curies":[{"name":"wp","href":"https:\/\/api.w.org\/{rel}","templated":true}]}}