{"id":4326,"date":"2019-09-27T11:54:28","date_gmt":"2019-09-27T09:54:28","guid":{"rendered":"http:\/\/www.eklg.hu\/?p=4326"},"modified":"2019-09-27T12:02:57","modified_gmt":"2019-09-27T10:02:57","slug":"monoki-kirandulas-2","status":"publish","type":"post","link":"http:\/\/www.eklg.hu\/index.php\/2019\/09\/27\/monoki-kirandulas-2\/","title":{"rendered":"Monoki kir\u00e1ndul\u00e1s"},"content":{"rendered":"<p>2019. szeptember 19-\u00e9n, Kossuth Lajos sz\u00fclet\u00e9snapj\u00e1n 130 di\u00e1k kereste fel n\u00e9vad\u00f3nk sz\u00fcl\u0151h\u00e1z\u00e1t.<\/p>\n<p><!--more--><\/p>\n<p>2019. szeptember 19-\u00e9n a 11. \u00e9vfolyamnak mind az \u00f6t oszt\u00e1lya r\u00e9szt vett a hagyom\u00e1nyos monoki kir\u00e1ndul\u00e1son: 130 di\u00e1k \u00e9s 8 k\u00eds\u00e9r\u0151tan\u00e1r.<\/p>\n<p>Kossuth sz\u00fcl\u0151h\u00e1z\u00e1nak megkoszor\u00faz\u00e1sa \u00e9s a m\u00fazeum megtekint\u00e9se ut\u00e1n a csapat h\u00e1rom r\u00e9szre oszt\u00f3dott.<\/p>\n<p>65 di\u00e1k Bark\u00f3 Lajos vezet\u00e9s\u00e9vel Tarn\u00f3czi Rich\u00e1rdn\u00e9 Dank\u00f3 Ildik\u00f3 \u00e9s Tam\u00e1s Melinda k\u00eds\u00e9ret\u00e9ben Monokr\u00f3l Szerencsre indult gyalogt\u00far\u00e1zni. A di\u00e1kok a Kossuth-\u00fat els\u0151 szakasz\u00e1t teljes\u00edtett\u00e9k ezzel, \u00e9s a gimn\u00e1zium r\u00e9gi hagyom\u00e1ny\u00e1t eleven\u00edtett\u00e9k fel. A t\u00fara nem volt meger\u0151ltet\u0151, j\u00f3l j\u00e1rhat\u00f3 az \u00fat, a t\u00e1j pedig csod\u00e1s volt. J\u00f3 hangulatban \u00e9s p\u00e9ld\u00e1s fegyelmezetts\u00e9ggel, a di\u00e1kok egy csapatk\u00e9nt teljes\u00edtett\u00e9k a t\u00far\u00e1t.<\/p>\n<p>9 di\u00e1k Peth\u0151 K\u00e1roly \u00e9s Rub\u00f3czki B\u00e9la vezet\u00e9s\u00e9vel ker\u00e9kp\u00e1rral tett\u00e9k meg a Monok-Ny\u00edregyh\u00e1za utat. A kult\u00far\u00e1nak (M\u00f3ricz sz\u00fcl\u0151h\u00e1za) \u00e9s a gasztrokult\u00far\u00e1nak (l\u00e1ngos Tokajban) is h\u00f3doltak. Mindenf\u00e9le technikai probl\u00e9ma n\u00e9lk\u00fcl, j\u00f3 hangulatban t\u00e9rtek haza.<\/p>\n<p>A harmadik csoport Dr. Oroszn\u00e9 Herczeg Anna, B\u00e1rin\u00e9 Haraszti Ad\u00e9l \u00e9s Buss Korn\u00e9lia vezet\u00e9s\u00e9vel Monok ut\u00e1n megtekintett\u00e9k a t\u00e1llyai evang\u00e9likus templomot, majd Szerencsen, mik\u00f6zben a gyalogt\u00far\u00e1sokra v\u00e1rakoztak, a szerencsi csokol\u00e1d\u00e9 \u00e9lvezet\u00e9nek h\u00f3doltak.<\/p>\n<p>Az \u00f6t oszt\u00e1ly egy\u00fctt indult \u00e9s eml\u00e9kezett meg n\u00e9vad\u00f3nkr\u00f3l, majd h\u00e1rom csoportban, keveredve, de egys\u00e9gk\u00e9nt \u00fcnnepelt.<\/p>\n<p>\u00cdgy teljes\u00fclt a gimn\u00e1zium Kossutht\u00f3l sz\u00e1rmaz\u00f3 mott\u00f3ja: &#8220;Az egys\u00e9g er\u0151&#8221;<\/p>\n<div id='gallery-1' class='gallery galleryid-4326 gallery-columns-3 gallery-size-thumbnail'><figure class='gallery-item'>\n\t\t\t<div class='gallery-icon landscape'>\n\t\t\t\t<a href='http:\/\/www.eklg.hu\/index.php\/2019\/09\/27\/monoki-kirandulas-2\/monok_1\/'><img loading=\"lazy\" decoding=\"async\" width=\"150\" height=\"150\" src=\"http:\/\/www.eklg.hu\/wp-content\/uploads\/2019\/09\/monok_1-150x150.jpg\" class=\"attachment-thumbnail size-thumbnail\" alt=\"\" \/><\/a>\n\t\t\t<\/div><\/figure><figure class='gallery-item'>\n\t\t\t<div class='gallery-icon landscape'>\n\t\t\t\t<a href='http:\/\/www.eklg.hu\/index.php\/2019\/09\/27\/monoki-kirandulas-2\/monok_2\/'><img loading=\"lazy\" decoding=\"async\" width=\"150\" height=\"150\" src=\"http:\/\/www.eklg.hu\/wp-content\/uploads\/2019\/09\/monok_2-150x150.jpg\" class=\"attachment-thumbnail size-thumbnail\" alt=\"\" \/><\/a>\n\t\t\t<\/div><\/figure><figure class='gallery-item'>\n\t\t\t<div class='gallery-icon landscape'>\n\t\t\t\t<a href='http:\/\/www.eklg.hu\/index.php\/2019\/09\/27\/monoki-kirandulas-2\/monok_3\/'><img loading=\"lazy\" decoding=\"async\" width=\"150\" height=\"150\" src=\"http:\/\/www.eklg.hu\/wp-content\/uploads\/2019\/09\/monok_3-150x150.jpg\" class=\"attachment-thumbnail size-thumbnail\" alt=\"\" \/><\/a>\n\t\t\t<\/div><\/figure><figure class='gallery-item'>\n\t\t\t<div class='gallery-icon portrait'>\n\t\t\t\t<a href='http:\/\/www.eklg.hu\/index.php\/2019\/09\/27\/monoki-kirandulas-2\/monok_4\/'><img loading=\"lazy\" decoding=\"async\" width=\"150\" height=\"150\" src=\"http:\/\/www.eklg.hu\/wp-content\/uploads\/2019\/09\/monok_4-150x150.jpg\" class=\"attachment-thumbnail size-thumbnail\" alt=\"\" \/><\/a>\n\t\t\t<\/div><\/figure><figure class='gallery-item'>\n\t\t\t<div class='gallery-icon landscape'>\n\t\t\t\t<a href='http:\/\/www.eklg.hu\/index.php\/2019\/09\/27\/monoki-kirandulas-2\/monok_5\/'><img loading=\"lazy\" decoding=\"async\" width=\"150\" height=\"150\" src=\"http:\/\/www.eklg.hu\/wp-content\/uploads\/2019\/09\/monok_5-150x150.jpg\" class=\"attachment-thumbnail size-thumbnail\" alt=\"\" \/><\/a>\n\t\t\t<\/div><\/figure><figure class='gallery-item'>\n\t\t\t<div class='gallery-icon landscape'>\n\t\t\t\t<a href='http:\/\/www.eklg.hu\/index.php\/2019\/09\/27\/monoki-kirandulas-2\/monok_6\/'><img loading=\"lazy\" decoding=\"async\" width=\"150\" height=\"150\" src=\"http:\/\/www.eklg.hu\/wp-content\/uploads\/2019\/09\/monok_6-150x150.jpg\" class=\"attachment-thumbnail size-thumbnail\" alt=\"\" \/><\/a>\n\t\t\t<\/div><\/figure><figure class='gallery-item'>\n\t\t\t<div class='gallery-icon landscape'>\n\t\t\t\t<a href='http:\/\/www.eklg.hu\/index.php\/2019\/09\/27\/monoki-kirandulas-2\/monok_7-2\/'><img loading=\"lazy\" decoding=\"async\" width=\"150\" height=\"150\" src=\"http:\/\/www.eklg.hu\/wp-content\/uploads\/2019\/09\/monok_7-1-150x150.jpg\" class=\"attachment-thumbnail size-thumbnail\" alt=\"\" \/><\/a>\n\t\t\t<\/div><\/figure>\n\t\t<\/div>\n\n","protected":false},"excerpt":{"rendered":"<p>2019. szeptember 19-\u00e9n, Kossuth Lajos sz\u00fclet\u00e9snapj\u00e1n 130 di\u00e1k kereste fel n\u00e9vad\u00f3nk sz\u00fcl\u0151h\u00e1z\u00e1t.<\/p>\n","protected":false},"author":1,"featured_media":4328,"comment_status":"closed","ping_status":"open","sticky":false,"template":"","format":"standard","meta":{"ngg_post_thumbnail":0,"footnotes":""},"categories":[4],"tags":[134,132,133],"class_list":["post-4326","post","type-post","status-publish","format-standard","has-post-thumbnail","hentry","category-beszamolo","tag-kirandulas","tag-kosuth","tag-monok"],"_links":{"self":[{"href":"http:\/\/www.eklg.hu\/index.php\/wp-json\/wp\/v2\/posts\/4326","targetHints":{"allow":["GET"]}}],"collection":[{"href":"http:\/\/www.eklg.hu\/index.php\/wp-json\/wp\/v2\/posts"}],"about":[{"href":"http:\/\/www.eklg.hu\/index.php\/wp-json\/wp\/v2\/types\/post"}],"author":[{"embeddable":true,"href":"http:\/\/www.eklg.hu\/index.php\/wp-json\/wp\/v2\/users\/1"}],"replies":[{"embeddable":true,"href":"http:\/\/www.eklg.hu\/index.php\/wp-json\/wp\/v2\/comments?post=4326"}],"version-history":[{"count":3,"href":"http:\/\/www.eklg.hu\/index.php\/wp-json\/wp\/v2\/posts\/4326\/revisions"}],"predecessor-version":[{"id":4337,"href":"http:\/\/www.eklg.hu\/index.php\/wp-json\/wp\/v2\/posts\/4326\/revisions\/4337"}],"wp:featuredmedia":[{"embeddable":true,"href":"http:\/\/www.eklg.hu\/index.php\/wp-json\/wp\/v2\/media\/4328"}],"wp:attachment":[{"href":"http:\/\/www.eklg.hu\/index.php\/wp-json\/wp\/v2\/media?parent=4326"}],"wp:term":[{"taxonomy":"category","embeddable":true,"href":"http:\/\/www.eklg.hu\/index.php\/wp-json\/wp\/v2\/categories?post=4326"},{"taxonomy":"post_tag","embeddable":true,"href":"http:\/\/www.eklg.hu\/index.php\/wp-json\/wp\/v2\/tags?post=4326"}],"curies":[{"name":"wp","href":"https:\/\/api.w.org\/{rel}","templated":true}]}}