{"id":13293,"date":"2026-09-03T10:18:55","date_gmt":"2026-09-03T08:18:55","guid":{"rendered":"http:\/\/www.eklg.hu\/?p=13293"},"modified":"2026-09-03T10:18:58","modified_gmt":"2026-09-03T08:18:58","slug":"mert-minden-haznak-van-epitoje-aki-pedig-mindent-felepitett-az-isten-az-zsid-34","status":"publish","type":"post","link":"http:\/\/www.eklg.hu\/index.php\/2026\/09\/03\/mert-minden-haznak-van-epitoje-aki-pedig-mindent-felepitett-az-isten-az-zsid-34\/","title":{"rendered":"\u201eMert minden h\u00e1znak van \u00e9p\u00edt\u0151je, aki pedig mindent fel\u00e9p\u00edtett, az Isten az\u201d (Zsid 3,4)"},"content":{"rendered":"\n<p>\u00dcnnep\u00e9lyes tan\u00e9vnyit\u00f3 \u00e9s igazgat\u00f3i beiktat\u00e1s a Ny\u00edregyh\u00e1zi Evang\u00e9likus Kossuth Lajos Gimn\u00e1ziumban<\/p>\n\n\n\n<p>Szeptember 1-j\u00e9n felemel\u0151 \u00fcnneps\u00e9gnek adott otthont az Evang\u00e9likus Nagytemplom. A 2026\/2027-es tan\u00e9v nyit\u00e1nya nem csup\u00e1n a megszokott iskolakezd\u00e9st jelentette, hanem m\u00e9rf\u00f6ldk\u00f6vet is a Ny\u00edregyh\u00e1zi Evang\u00e9likus Kossuth Lajos Gimn\u00e1zium \u00e9let\u00e9ben: ezen a napon ker\u00fclt sor az int\u00e9zm\u00e9ny \u00faj igazgat\u00f3ja, Pampuch Zolt\u00e1n G\u00e1bor hivatalos beiktat\u00e1s\u00e1ra.<br>Az \u00fcnnepi istentiszteleten Keczk\u00f3 P\u00e1l, az \u00c9szaki Evang\u00e9likus Egyh\u00e1zker\u00fclet p\u00fcsp\u00f6ke iktatta be tiszts\u00e9g\u00e9be az \u00faj vezet\u0151t. Ny\u00edregyh\u00e1z\u00e1n k\u00e9t evang\u00e9likus oktat\u00e1si int\u00e9zm\u00e9ny is \u00faj vezet\u0151vel kezdi meg m\u0171k\u00f6d\u00e9s\u00e9t ebben a tan\u00e9vben, ami j\u00f3l mutatja az evang\u00e9likus oktat\u00e1si h\u00e1l\u00f3zat dinamikus fejl\u0151d\u00e9s\u00e9t \u00e9s meg\u00fajul\u00e1s\u00e1t.<\/p>\n\n\n\n<p>P\u00fcsp\u00f6ki \u00fatraval\u00f3: K\u00f6z\u00f6s \u00e9p\u00edtkez\u00e9s a siker kulcsa<\/p>\n\n\n\n<p><br>Keczk\u00f3 P\u00e1l p\u00fcsp\u00f6k \u00far \u00fcnnepi k\u00f6sz\u00f6nt\u0151j\u00e9ben az ig\u00e9b\u0151l kiindulva az \u00e9p\u00edtkez\u00e9s \u00e9s a csapatj\u00e1t\u00e9k metafor\u00e1j\u00e1t \u00e1ll\u00edtotta a k\u00f6z\u00e9ppontba. R\u00e1mutatott, hogy egy ekkora m\u00falt\u00fa \u00e9s m\u00e9ret\u0171 int\u00e9zm\u00e9ny \u00e9l\u00e9n a siker kulcsa az egym\u00e1sra t\u00e1maszkod\u00e1sban, a nevel\u0151test\u00fclet egys\u00e9g\u00e9ben \u00e9s a k\u00f6z\u00f6s c\u00e9lok\u00e9rt val\u00f3 f\u00e1radoz\u00e1sban rejlik.<br>\u201eFontos l\u00e1tnunk ebben a kapcsol\u00f3d\u00e1st \u00e9s azt az egy\u00fcttm\u0171k\u00f6d\u00e9st, ami a kor\u00e1bbi megb\u00edzott igazgat\u00f3val egy\u00fctt tov\u00e1bbra is fenn\u00e1ll, hogy egym\u00e1ssal \u00f6sszhangban, k\u00f6z\u00f6sen dolgozzanak\u201d \u2013 emelte ki a p\u00fcsp\u00f6k. Hozz\u00e1tette: h\u00edv\u0151 emberk\u00e9nt tudjuk, hogy mindennek a legf\u0151bb alapj\u00e1t Isten adja, aki a h\u00e9tk\u00f6znapok kih\u00edv\u00e1saiban is ott \u00e1ll a pedag\u00f3gusok \u00e9s a vezet\u0151k mellett, eredm\u00e9nyess\u00e9 t\u00e9ve munk\u00e1jukat.<br>Keczk\u00f3 P\u00e1l k\u00fcl\u00f6n kit\u00e9rt arra is, hogy Ny\u00edregyh\u00e1z\u00e1n az evang\u00e9likus oktat\u00e1si int\u00e9zm\u00e9nyek teljes l\u00e9tsz\u00e1mmal ind\u00edtj\u00e1k a 2026\/2027-es tan\u00e9vet. A mai viszonyok k\u00f6z\u00f6tt ez rendk\u00edv\u00fcl besz\u00e9des mutat\u00f3: igazolja, hogy a t\u00e1gabb k\u00f6z\u00f6ss\u00e9g \u00e9s a sz\u00fcl\u0151k nagyra \u00e9rt\u00e9kelik azt az \u00e9rt\u00e9kteremt\u0151 munk\u00e1t \u00e9s hagyom\u00e1nyt, amelyet az evang\u00e9likus egyh\u00e1z k\u00e9pvisel. Az iskol\u00e1k nyitottak, sok m\u00e1s felekezet\u0171 vagy egyh\u00e1zi kapcsolatba most ker\u00fcl\u0151 di\u00e1kot is vonzanak, biztons\u00e1gos \u00e9s \u00e9rt\u00e9k\u00e1ll\u00f3 k\u00f6z\u00f6ss\u00e9get k\u00edn\u00e1lva sz\u00e1mukra.<\/p>\n\n\n\n<p>Volt di\u00e1kb\u00f3l igazgat\u00f3: Hagyom\u00e1nyos \u00e9rt\u00e9kek, modern oktat\u00e1s \u00e9s gyermekk\u00f6zpont\u00fas\u00e1g<\/p>\n\n\n\n<p><br>Pampuch Zolt\u00e1n G\u00e1bor igazgat\u00f3 t\u00f6bb \u00e9vtizedes pedag\u00f3gusi \u00e9s vezet\u0151i m\u00falttal \u2013 kor\u00e1bban a Luther M\u00e1rton Koll\u00e9gium, majd a T\u00far\u00f3czy Zolt\u00e1n Evang\u00e9likus \u00d3voda, \u00c1ltal\u00e1nos Iskola \u00e9s AMI \u00e9l\u00e9n szerzett tapasztalatokkal \u2013 \u00e9rkezett a gimn\u00e1zium \u00e9l\u00e9re. Sz\u00e1m\u00e1ra a mostani beiktat\u00e1s szem\u00e9lyes \u00e9s meghat\u00f3 pillanat is volt egyben.<br>\u201eNagyon nagy dolognak \u00e9lem meg, hogy \u00e9n, mint volt kossuthos di\u00e1k, 33 \u00e9vvel k\u00e9s\u0151bb ugyan\u00edgy az els\u0151s di\u00e1kokkal egy\u00fctt izgulhattam \u00e9s \u00e9lhettem meg a tan\u00e9vnyit\u00f3 \u00f6r\u00f6m\u00e9t\u201d \u2013 fogalmazott az \u00faj igazgat\u00f3.<br>Az igazgat\u00f3i j\u00f6v\u0151k\u00e9p f\u0151bb pill\u00e9rei:<br>Gyermekk\u00f6zpont\u00fa \u00e9s bar\u00e1ts\u00e1gos iskola: Egy olyan gimn\u00e1zium \u00e9p\u00edt\u00e9se a c\u00e9l, ahol az egy\u00e9ni figyelem \u00e1ll a k\u00f6z\u00e9ppontban, \u00e9s a di\u00e1kokat a kereszt\u00e9ny \u00e9rt\u00e9kek ment\u00e9n t\u00e1mogatj\u00e1k. A mai inform\u00e1ci\u00f3s forradalomban a biztons\u00e1gos, szeretetteljes k\u00f6rnyezet elengedhetetlen ahhoz, hogy a gyerekek boldogok legyenek, j\u00f3l \u00e9rezz\u00e9k magukat, \u00e9s ez\u00e1ltal a tanulm\u00e1nyi teljes\u00edtm\u00e9ny\u00fck is sz\u00e1rnyaljon.<br>220 \u00e9ves hagyom\u00e1ny \u00e9s korszer\u0171s\u00e9g: Az int\u00e9zm\u00e9ny gy\u00f6kerei 1806-ig, a professzori iskol\u00e1ig ny\u00falnak vissza, melyet el\u0151deink hitb\u0151l \u00e9s tenni akar\u00e1sb\u00f3l \u00e9p\u00edtettek. A gimn\u00e1zium a kezdetekt\u0151l fogva kimagasl\u00f3 volt az innov\u00e1ci\u00f3ban, \u00e9s mindig a kor ig\u00e9nyeinek megfelel\u0151, legmodernebb oktat\u00e1st ny\u00fajtotta. Ezt a szellemis\u00e9get \u00e9s a pedag\u00f3gusok fejl\u0151d\u00e9s ir\u00e1nti elk\u00f6telezetts\u00e9g\u00e9t k\u00edv\u00e1nja folytatni a j\u00f6v\u0151ben is. Nem a falak \u00e9s a technika teszi igaz\u00e1n eredm\u00e9nyess\u00e9 az iskol\u00e1t, hanem a re\u00e1lis c\u00e9lok \u00e9s a kitart\u00f3 k\u00fczdelem.<br>P\u00e9ldamutat\u00e1s a nevel\u0151test\u00fclet r\u00e9sz\u00e9r\u0151l: A 2026\/2027-es tan\u00e9vben a pedag\u00f3gusok legfontosabb \u00fatraval\u00f3ja a hit, a szeretet \u00e9s az elk\u00f6telezetts\u00e9g. Kereszt\u00e9ny iskolak\u00e9nt a tan\u00e1ri kar feladata, hogy a mindennapokban p\u00e9ldamutat\u00f3 magatart\u00e1ssal j\u00e1rjon a di\u00e1kok el\u0151tt.<br>A Ny\u00edregyh\u00e1zi Evang\u00e9likus Kossuth Lajos Gimn\u00e1ziumban legf\u0151bb c\u00e9lkit\u0171z\u00e9se, hogy a mindennapokban boldogulni k\u00e9pes, kiegyens\u00falyozott \u00e9s boldog fiatalokat neveljen \u2013 nemcsak az Evang\u00e9likus Egyh\u00e1z, hanem az eg\u00e9sz ny\u00edregyh\u00e1zi k\u00f6z\u00f6ss\u00e9g jav\u00e1ra &#8211; hangs\u00falyozta igazgat\u00f3 \u00far.<\/p>\n\n\n\n<p>Isten \u00e1ld\u00e1sa legyen az \u00faj igazgat\u00f3, a nevel\u0151test\u00fclet \u00e9s minden kossuthos di\u00e1k munk\u00e1j\u00e1n a 2026\/2027-es tan\u00e9vben!<\/p>\n\n\n\n<figure class=\"wp-block-gallery has-nested-images columns-default is-cropped wp-block-gallery-1 is-layout-flex wp-block-gallery-is-layout-flex\">\n<figure class=\"wp-block-image size-large\"><img loading=\"lazy\" decoding=\"async\" width=\"681\" height=\"1024\" data-id=\"13300\" src=\"http:\/\/www.eklg.hu\/wp-content\/uploads\/2026\/09\/DSC_5831-681x1024.jpg\" alt=\"\" class=\"wp-image-13300\" srcset=\"http:\/\/www.eklg.hu\/wp-content\/uploads\/2026\/09\/DSC_5831-681x1024.jpg 681w, http:\/\/www.eklg.hu\/wp-content\/uploads\/2026\/09\/DSC_5831-200x300.jpg 200w, http:\/\/www.eklg.hu\/wp-content\/uploads\/2026\/09\/DSC_5831-768x1154.jpg 768w, http:\/\/www.eklg.hu\/wp-content\/uploads\/2026\/09\/DSC_5831-rotated.jpg 805w\" sizes=\"auto, (max-width: 681px) 100vw, 681px\" \/><\/figure>\n\n\n\n<figure class=\"wp-block-image size-large\"><img loading=\"lazy\" decoding=\"async\" width=\"681\" height=\"1024\" data-id=\"13299\" src=\"http:\/\/www.eklg.hu\/wp-content\/uploads\/2026\/09\/DSC_5829-681x1024.jpg\" alt=\"\" class=\"wp-image-13299\" srcset=\"http:\/\/www.eklg.hu\/wp-content\/uploads\/2026\/09\/DSC_5829-681x1024.jpg 681w, http:\/\/www.eklg.hu\/wp-content\/uploads\/2026\/09\/DSC_5829-200x300.jpg 200w, http:\/\/www.eklg.hu\/wp-content\/uploads\/2026\/09\/DSC_5829-768x1154.jpg 768w, http:\/\/www.eklg.hu\/wp-content\/uploads\/2026\/09\/DSC_5829-rotated.jpg 805w\" sizes=\"auto, (max-width: 681px) 100vw, 681px\" \/><\/figure>\n\n\n\n<figure class=\"wp-block-image size-large\"><img loading=\"lazy\" decoding=\"async\" width=\"1024\" height=\"681\" data-id=\"13298\" src=\"http:\/\/www.eklg.hu\/wp-content\/uploads\/2026\/09\/DSC_5827-1024x681.jpg\" alt=\"\" class=\"wp-image-13298\" srcset=\"http:\/\/www.eklg.hu\/wp-content\/uploads\/2026\/09\/DSC_5827-1024x681.jpg 1024w, http:\/\/www.eklg.hu\/wp-content\/uploads\/2026\/09\/DSC_5827-300x200.jpg 300w, http:\/\/www.eklg.hu\/wp-content\/uploads\/2026\/09\/DSC_5827-768x511.jpg 768w, http:\/\/www.eklg.hu\/wp-content\/uploads\/2026\/09\/DSC_5827.jpg 1210w\" sizes=\"auto, (max-width: 1024px) 100vw, 1024px\" \/><\/figure>\n\n\n\n<figure class=\"wp-block-image size-large\"><img loading=\"lazy\" decoding=\"async\" width=\"1024\" height=\"681\" data-id=\"13297\" src=\"http:\/\/www.eklg.hu\/wp-content\/uploads\/2026\/09\/DSC_5822-1024x681.jpg\" alt=\"\" class=\"wp-image-13297\" srcset=\"http:\/\/www.eklg.hu\/wp-content\/uploads\/2026\/09\/DSC_5822-1024x681.jpg 1024w, http:\/\/www.eklg.hu\/wp-content\/uploads\/2026\/09\/DSC_5822-300x200.jpg 300w, http:\/\/www.eklg.hu\/wp-content\/uploads\/2026\/09\/DSC_5822-768x511.jpg 768w, http:\/\/www.eklg.hu\/wp-content\/uploads\/2026\/09\/DSC_5822.jpg 1210w\" sizes=\"auto, (max-width: 1024px) 100vw, 1024px\" \/><\/figure>\n\n\n\n<figure class=\"wp-block-image size-large\"><img loading=\"lazy\" decoding=\"async\" width=\"681\" height=\"1024\" data-id=\"13296\" src=\"http:\/\/www.eklg.hu\/wp-content\/uploads\/2026\/09\/DSC_5817-681x1024.jpg\" alt=\"\" class=\"wp-image-13296\" srcset=\"http:\/\/www.eklg.hu\/wp-content\/uploads\/2026\/09\/DSC_5817-681x1024.jpg 681w, http:\/\/www.eklg.hu\/wp-content\/uploads\/2026\/09\/DSC_5817-200x300.jpg 200w, http:\/\/www.eklg.hu\/wp-content\/uploads\/2026\/09\/DSC_5817-768x1154.jpg 768w, http:\/\/www.eklg.hu\/wp-content\/uploads\/2026\/09\/DSC_5817-rotated.jpg 805w\" sizes=\"auto, (max-width: 681px) 100vw, 681px\" \/><\/figure>\n\n\n\n<figure class=\"wp-block-image size-large\"><img loading=\"lazy\" decoding=\"async\" width=\"1024\" height=\"681\" data-id=\"13295\" src=\"http:\/\/www.eklg.hu\/wp-content\/uploads\/2026\/09\/DSC_5808-1024x681.jpg\" alt=\"\" class=\"wp-image-13295\" srcset=\"http:\/\/www.eklg.hu\/wp-content\/uploads\/2026\/09\/DSC_5808-1024x681.jpg 1024w, http:\/\/www.eklg.hu\/wp-content\/uploads\/2026\/09\/DSC_5808-300x200.jpg 300w, http:\/\/www.eklg.hu\/wp-content\/uploads\/2026\/09\/DSC_5808-768x511.jpg 768w, http:\/\/www.eklg.hu\/wp-content\/uploads\/2026\/09\/DSC_5808.jpg 1210w\" sizes=\"auto, (max-width: 1024px) 100vw, 1024px\" \/><\/figure>\n\n\n\n<figure class=\"wp-block-image size-large\"><img loading=\"lazy\" decoding=\"async\" width=\"1024\" height=\"681\" data-id=\"13294\" src=\"http:\/\/www.eklg.hu\/wp-content\/uploads\/2026\/09\/DSC_5805-1024x681.jpg\" alt=\"\" class=\"wp-image-13294\" srcset=\"http:\/\/www.eklg.hu\/wp-content\/uploads\/2026\/09\/DSC_5805-1024x681.jpg 1024w, http:\/\/www.eklg.hu\/wp-content\/uploads\/2026\/09\/DSC_5805-300x200.jpg 300w, http:\/\/www.eklg.hu\/wp-content\/uploads\/2026\/09\/DSC_5805-768x511.jpg 768w, http:\/\/www.eklg.hu\/wp-content\/uploads\/2026\/09\/DSC_5805.jpg 1210w\" sizes=\"auto, (max-width: 1024px) 100vw, 1024px\" \/><\/figure>\n<\/figure>\n","protected":false},"excerpt":{"rendered":"<p>\u00dcnnep\u00e9lyes tan\u00e9vnyit\u00f3 \u00e9s igazgat\u00f3i beiktat\u00e1s a Ny\u00edregyh\u00e1zi Evang\u00e9likus Kossuth Lajos Gimn\u00e1ziumban Szeptember 1-j\u00e9n felemel\u0151 \u00fcnneps\u00e9gnek adott otthont az Evang\u00e9likus Nagytemplom. &hellip; <\/p>\n","protected":false},"author":8,"featured_media":0,"comment_status":"closed","ping_status":"open","sticky":false,"template":"","format":"standard","meta":{"ngg_post_thumbnail":0,"footnotes":""},"categories":[1],"tags":[412,213,88],"class_list":["post-13293","post","type-post","status-publish","format-standard","hentry","category-egyeb","tag-igazgato","tag-nyiregyhazi-evangelikus-kossuth-lajos-gimnazium","tag-tanevnyito"],"_links":{"self":[{"href":"http:\/\/www.eklg.hu\/index.php\/wp-json\/wp\/v2\/posts\/13293","targetHints":{"allow":["GET"]}}],"collection":[{"href":"http:\/\/www.eklg.hu\/index.php\/wp-json\/wp\/v2\/posts"}],"about":[{"href":"http:\/\/www.eklg.hu\/index.php\/wp-json\/wp\/v2\/types\/post"}],"author":[{"embeddable":true,"href":"http:\/\/www.eklg.hu\/index.php\/wp-json\/wp\/v2\/users\/8"}],"replies":[{"embeddable":true,"href":"http:\/\/www.eklg.hu\/index.php\/wp-json\/wp\/v2\/comments?post=13293"}],"version-history":[{"count":1,"href":"http:\/\/www.eklg.hu\/index.php\/wp-json\/wp\/v2\/posts\/13293\/revisions"}],"predecessor-version":[{"id":13301,"href":"http:\/\/www.eklg.hu\/index.php\/wp-json\/wp\/v2\/posts\/13293\/revisions\/13301"}],"wp:attachment":[{"href":"http:\/\/www.eklg.hu\/index.php\/wp-json\/wp\/v2\/media?parent=13293"}],"wp:term":[{"taxonomy":"category","embeddable":true,"href":"http:\/\/www.eklg.hu\/index.php\/wp-json\/wp\/v2\/categories?post=13293"},{"taxonomy":"post_tag","embeddable":true,"href":"http:\/\/www.eklg.hu\/index.php\/wp-json\/wp\/v2\/tags?post=13293"}],"curies":[{"name":"wp","href":"https:\/\/api.w.org\/{rel}","templated":true}]}}