{"id":13290,"date":"2026-09-02T13:15:08","date_gmt":"2026-09-02T11:15:08","guid":{"rendered":"http:\/\/www.eklg.hu\/?p=13290"},"modified":"2026-09-02T13:15:10","modified_gmt":"2026-09-02T11:15:10","slug":"ujabb-erasmus-lehetosegek-iskolankban","status":"publish","type":"post","link":"http:\/\/www.eklg.hu\/index.php\/2026\/09\/02\/ujabb-erasmus-lehetosegek-iskolankban\/","title":{"rendered":"\u00dajabb Erasmus+ lehet\u0151s\u00e9gek iskol\u00e1nkban"},"content":{"rendered":"\n<p>\u00d6r\u00f6mmel osztjuk meg a h\u00edrt, hogy a&nbsp;<strong>2025-1-HU01-KA121-SCH-000344051 sz\u00e1m\u00fa Erasmus+ akkredit\u00e1ci\u00f3s projekt\u00fcnkh\u00f6z beny\u00fajtott hosszabb\u00edt\u00e1si k\u00e9relm\u00fcnk pozit\u00edv elb\u00edr\u00e1l\u00e1sban r\u00e9szes\u00fclt.<\/strong><\/p>\n\n\n\n<!--more-->\n\n\n\n<p>A hosszabb\u00edt\u00e1snak k\u00f6sz\u00f6nhet\u0151en Erasmus+ programunk \u00fajabb mobilit\u00e1si lehet\u0151s\u00e9gekkel b\u0151v\u00fcl:&nbsp;<strong>tov\u00e1bbi 10 koll\u00e9g\u00e1nk vehet r\u00e9szt k\u00fclf\u00f6ldi m\u00f3dszertani tov\u00e1bbk\u00e9pz\u00e9sen vagy szakmai hospit\u00e1l\u00e1son (job shadowing), valamint 46 di\u00e1kunk sz\u00e1m\u00e1ra ny\u00edlik lehet\u0151s\u00e9g k\u00fclf\u00f6ldi csoportos tanul\u00f3i mobilit\u00e1son val\u00f3 r\u00e9szv\u00e9telre.<\/strong><\/p>\n\n\n\n<p>A pedag\u00f3gusmobilit\u00e1sok lehet\u0151s\u00e9get teremtenek \u00faj oktat\u00e1si m\u00f3dszerek, innovat\u00edv pedag\u00f3giai megold\u00e1sok \u00e9s nemzetk\u00f6zi j\u00f3 gyakorlatok megismer\u00e9s\u00e9re, valamint idegen nyelvi \u00e9s szakmai kompetenci\u00e1ik fejleszt\u00e9s\u00e9re. A megszerzett tapasztalatokat koll\u00e9g\u00e1ink hazat\u00e9r\u00e9s\u00fck ut\u00e1n saj\u00e1t tan\u00f3r\u00e1ikon \u00e9s az int\u00e9zm\u00e9ny szakmai k\u00f6z\u00f6ss\u00e9g\u00e9ben is hasznos\u00edtj\u00e1k.<\/p>\n\n\n\n<p>Di\u00e1kjaink sz\u00e1m\u00e1ra a k\u00fclf\u00f6ldi mobilit\u00e1sok nemcsak az idegen nyelv val\u00f3s \u00e9lethelyzetekben t\u00f6rt\u00e9n\u0151 haszn\u00e1lat\u00e1t jelentik, hanem lehet\u0151s\u00e9get adnak m\u00e1s orsz\u00e1gok kult\u00far\u00e1j\u00e1nak, iskolarendszer\u00e9nek \u00e9s mindennapjainak megismer\u00e9s\u00e9re, \u00faj kapcsolatok kialak\u00edt\u00e1s\u00e1ra, valamint \u00f6n\u00e1ll\u00f3s\u00e1guk, nyitotts\u00e1guk \u00e9s egy\u00fcttm\u0171k\u00f6d\u00e9si k\u00e9szs\u00e9g\u00fck fejleszt\u00e9s\u00e9re is.<\/p>\n\n\n\n<p><strong>Az Erasmus+ \u00edgy tov\u00e1bbra is iskol\u00e1nk mindennapjainak \u00e9s nemzetk\u00f6zi kapcsolatainak meghat\u00e1roz\u00f3 r\u00e9sze.<\/strong>&nbsp;B\u00fcszk\u00e9k vagyunk arra, hogy \u00e9vr\u0151l \u00e9vre egyre t\u00f6bb tanul\u00f3nak \u00e9s koll\u00e9g\u00e1nak tudunk lehet\u0151s\u00e9get biztos\u00edtani arra, hogy Eur\u00f3p\u00e1ban tanuljon, tapasztalatot szerezzen, kapcsolatokat \u00e9p\u00edtsen \u2013 majd az ott megszerzett tud\u00e1st \u00e9s \u00e9lm\u00e9nyeket hazahozza k\u00f6z\u00f6ss\u00e9g\u00fcnkbe.<\/p>\n\n\n\n<p>Folytatjuk \u2013 \u00faj \u00fati c\u00e9lokkal, \u00faj tapasztalatokkal \u00e9s \u00faj lehet\u0151s\u00e9gekkel!&nbsp;<\/p>\n","protected":false},"excerpt":{"rendered":"<p>\u00d6r\u00f6mmel osztjuk meg a h\u00edrt, hogy a&nbsp;2025-1-HU01-KA121-SCH-000344051 sz\u00e1m\u00fa Erasmus+ akkredit\u00e1ci\u00f3s projekt\u00fcnkh\u00f6z beny\u00fajtott hosszabb\u00edt\u00e1si k\u00e9relm\u00fcnk pozit\u00edv elb\u00edr\u00e1l\u00e1sban r\u00e9szes\u00fclt.<\/p>\n","protected":false},"author":1,"featured_media":0,"comment_status":"closed","ping_status":"open","sticky":false,"template":"","format":"standard","meta":{"ngg_post_thumbnail":0,"footnotes":""},"categories":[378],"tags":[153],"class_list":["post-13290","post","type-post","status-publish","format-standard","hentry","category-ka-121-2025-2026","tag-erasmus"],"_links":{"self":[{"href":"http:\/\/www.eklg.hu\/index.php\/wp-json\/wp\/v2\/posts\/13290","targetHints":{"allow":["GET"]}}],"collection":[{"href":"http:\/\/www.eklg.hu\/index.php\/wp-json\/wp\/v2\/posts"}],"about":[{"href":"http:\/\/www.eklg.hu\/index.php\/wp-json\/wp\/v2\/types\/post"}],"author":[{"embeddable":true,"href":"http:\/\/www.eklg.hu\/index.php\/wp-json\/wp\/v2\/users\/1"}],"replies":[{"embeddable":true,"href":"http:\/\/www.eklg.hu\/index.php\/wp-json\/wp\/v2\/comments?post=13290"}],"version-history":[{"count":1,"href":"http:\/\/www.eklg.hu\/index.php\/wp-json\/wp\/v2\/posts\/13290\/revisions"}],"predecessor-version":[{"id":13291,"href":"http:\/\/www.eklg.hu\/index.php\/wp-json\/wp\/v2\/posts\/13290\/revisions\/13291"}],"wp:attachment":[{"href":"http:\/\/www.eklg.hu\/index.php\/wp-json\/wp\/v2\/media?parent=13290"}],"wp:term":[{"taxonomy":"category","embeddable":true,"href":"http:\/\/www.eklg.hu\/index.php\/wp-json\/wp\/v2\/categories?post=13290"},{"taxonomy":"post_tag","embeddable":true,"href":"http:\/\/www.eklg.hu\/index.php\/wp-json\/wp\/v2\/tags?post=13290"}],"curies":[{"name":"wp","href":"https:\/\/api.w.org\/{rel}","templated":true}]}}