{"id":12952,"date":"2026-02-28T12:27:00","date_gmt":"2026-02-28T11:27:00","guid":{"rendered":"http:\/\/www.eklg.hu\/?p=12952"},"modified":"2026-03-28T12:28:40","modified_gmt":"2026-03-28T11:28:40","slug":"kozos-tevekenysegek-bemutatasa","status":"publish","type":"post","link":"http:\/\/www.eklg.hu\/index.php\/2026\/02\/28\/kozos-tevekenysegek-bemutatasa\/","title":{"rendered":"K\u00f6z\u00f6s tev\u00e9kenys\u00e9gek bemutat\u00e1sa"},"content":{"rendered":"\n<p>Di\u00e1kjaink k\u00f6z\u00f6s nemzetk\u00f6zi egy\u00fcttm\u0171k\u00f6d\u00e9se a&nbsp;tal\u00e1lkoz\u00f3k k\u00f6z\u00f6tt:<\/p>\n\n\n\n<!--more-->\n\n\n\n<p>1; \u00dajrahasznos\u00edt\u00e1s<\/p>\n\n\n\n<p><a href=\"https:\/\/padlet.com\/efkolokot\/eine-erde-4-stimmen-f-r-recyceln-i4uy5jo64827h4sk\">https:\/\/padlet.com\/efkolokot\/eine-erde-4-stimmen-f-r-recyceln-i4uy5jo64827h4sk<\/a><\/p>\n\n\n\n<p><img decoding=\"async\" alt=\"&#x1f3af;\" src=\"https:\/\/fonts.gstatic.com\/s\/e\/notoemoji\/17.0\/1f3af\/32.png\">&nbsp;Eur\u00f3pai Hullad\u00e9kcs\u00f6kkent\u00e9si H\u00e9t 2024<br><img decoding=\"async\" alt=\"&#x1f4c5;\" src=\"https:\/\/fonts.gstatic.com\/s\/e\/notoemoji\/17.0\/1f4c5\/32.png\">&nbsp;2024. november 16\u201324.<br><img decoding=\"async\" alt=\"&#x1f30d;\" src=\"https:\/\/fonts.gstatic.com\/s\/e\/notoemoji\/17.0\/1f30d\/32.png\">&nbsp;Egy F\u00f6ld \u2013 4 hang az \u00fajrahasznos\u00edt\u00e1s\u00e9rt<\/p>\n\n\n\n<p>Az Eur\u00f3pai Hullad\u00e9kcs\u00f6kkent\u00e9si H\u00e9t (European Week for Waste Reduction) keret\u00e9ben Erasmus+ projekt\u00fcnk (\u201eGemeinsam die Zukunft gestalten \u2013 nachhaltig die Welt mitgestalten und Ver\u00e4nderungen vorantreiben\u201d) n\u00e9gy partneriskol\u00e1ja k\u00f6z\u00f6sen er\u0151s \u00fczenetet fogalmazott meg: egy\u00fctt sz\u00e1mos olyan tev\u00e9kenys\u00e9get val\u00f3s\u00edtottak meg, amelyek c\u00e9lja a fenntarthat\u00f3bb er\u0151forr\u00e1s- \u00e9s hullad\u00e9kgazd\u00e1lkod\u00e1s ir\u00e1nti \u00e9rz\u00e9keny\u00edt\u00e9s volt.<\/p>\n\n\n\n<p>A \u201eMegel\u0151z\u00e9s \u2013 \u00dajrahaszn\u00e1lat \u2013 \u00dajrahasznos\u00edt\u00e1s\u201d mott\u00f3 jegy\u00e9ben az iskol\u00e1k kreat\u00edv \u00e9s elk\u00f6telezett programokat szerveztek, amelyek k\u00f6z\u00e9ppontj\u00e1ban a tanul\u00f3k \u00e1lltak. Ezek a tev\u00e9kenys\u00e9gek projekt\u00fcnk fenntarthat\u00f3s\u00e1gi f\u00f3kusz\u00e1hoz kapcsol\u00f3dnak, \u00e9s k\u00f6z\u00f6s c\u00e9lunkat t\u00fckr\u00f6zik: a fiatalok felel\u0151s gondolkod\u00e1sra \u00e9s cselekv\u00e9sre val\u00f3 \u00f6szt\u00f6nz\u00e9s\u00e9t.<\/p>\n\n\n\n<p><img decoding=\"async\" alt=\"&#x1f4cc;\" src=\"https:\/\/fonts.gstatic.com\/s\/e\/notoemoji\/17.0\/1f4cc\/32.png\">&nbsp;Ezen a Padleten minden partneriskola bemutatja az \u00fajrahasznos\u00edt\u00e1ssal \u00e9s a hullad\u00e9kcs\u00f6kkent\u00e9ssel kapcsolatos saj\u00e1t tev\u00e9kenys\u00e9geit \u00e9s eredm\u00e9nyeit.<br>Inspir\u00e1ljuk egym\u00e1st \u2013 egy olyan j\u00f6v\u0151\u00e9rt, ahol a fenntarthat\u00f3s\u00e1g val\u00f3s\u00e1gg\u00e1 v\u00e1lik!<\/p>\n\n\n\n<p>&nbsp; Ez a Padlet (\u201eEine Erde \u2013 4 Stimmen f\u00fcr Recyceln\u201d) egy olyan digit\u00e1lis projektfel\u00fclet, amelyen a tanul\u00f3k a fenntarthat\u00f3s\u00e1g \u00e9s az \u00fajrahasznos\u00edt\u00e1s t\u00e9m\u00e1j\u00e1t dolgozt\u00e1k fel k\u00fcl\u00f6nb\u00f6z\u0151 n\u00e9z\u0151pontb\u00f3l. A fel\u00fcleten a di\u00e1kok \u00f6n\u00e1ll\u00f3an vagy csoportban k\u00e9sz\u00edtett tartalmakat (pl. r\u00f6vid sz\u00f6vegeket, \u00e9rveket, vizu\u00e1lis elemeket) helyeztek el, amelyekben bemutatj\u00e1k: mi\u00e9rt fontos a hullad\u00e9k cs\u00f6kkent\u00e9se, hogyan j\u00e1rul hozz\u00e1 az \u00fajrahasznos\u00edt\u00e1s a k\u00f6rnyezet v\u00e9delm\u00e9hez, valamint milyen mindennapi l\u00e9p\u00e9sekkel lehet fenntarthat\u00f3bb \u00e9letm\u00f3dot folytatni. A \u201e4 hang\u201d arra utal, hogy a t\u00e9m\u00e1t a 4 r\u00e9sztvev\u0151 iskola di\u00e1kjai , elt\u00e9r\u0151 v\u00e9lem\u00e9nyekkel \u00e9s megk\u00f6zel\u00edt\u00e9sekkel dolgozta fel, \u00edgy a Padlet egyfajta k\u00f6z\u00f6s gondolkod\u00e1si t\u00e9rk\u00e9nt \u00e9s digit\u00e1lis prezent\u00e1ci\u00f3k\u00e9nt is m\u0171k\u00f6dik. A fel\u00fclet nemcsak az inform\u00e1ci\u00f3k gy\u0171jt\u00e9s\u00e9re szolg\u00e1lt, hanem lehet\u0151s\u00e9get adott a di\u00e1koknak arra is, hogy v\u00e9lem\u00e9nyt form\u00e1ljanak, \u00e9rveljenek \u00e9s egym\u00e1s munk\u00e1j\u00e1ra reflekt\u00e1ljanak, ez\u00e1ltal fejlesztve kommunik\u00e1ci\u00f3s \u00e9s egy\u00fcttm\u0171k\u00f6d\u00e9si k\u00e9szs\u00e9geiket. A tev\u00e9kenys\u00e9gsor\u00e1n sor ker\u00fclt eTwinningen videos megbesz\u00e9l\u00e9sre is, ahol a tanul\u00f3k besz\u00e1moltak a tapasztalataikr\u00f3l.&nbsp;&nbsp;<\/p>\n\n\n\n<p>2; Biodiverzit\u00e1s<\/p>\n\n\n\n<p><a href=\"https:\/\/padlet.com\/rula_zis\/gemeinsam-f-r-die-biodiversit-t-22-05-2025-1knn6ravmdi8ir1o\">https:\/\/padlet.com\/rula_zis\/gemeinsam-f-r-die-biodiversit-t-22-05-2025-1knn6ravmdi8ir1o<\/a><\/p>\n\n\n\n<p>Ez a Padlet (\u201eGemeinsam f\u00fcr die Biodiversit\u00e4t \u2013 22.05.2025\u201d) egy olyan digit\u00e1lis projektfel\u00fclet, amelyen a tanul\u00f3k a&nbsp;<strong>biol\u00f3giai sokf\u00e9les\u00e9g (biodiverzit\u00e1s)<\/strong>&nbsp;t\u00e9m\u00e1j\u00e1t dolgozt\u00e1k fel, kapcsol\u00f3dva a m\u00e1jus 22-i&nbsp;<strong>Biodiverzit\u00e1s Nemzetk\u00f6zi Napj\u00e1hoz<\/strong>.<\/p>\n\n\n\n<p>A fel\u00fcleten a di\u00e1kok k\u00fcl\u00f6nb\u00f6z\u0151 form\u00e1ban (sz\u00f6vegek, k\u00e9pek, r\u00f6vid prezent\u00e1ci\u00f3k) mutatt\u00e1k be, hogy:<\/p>\n\n\n\n<ul class=\"wp-block-list\">\n<li>mit jelent a biodiverzit\u00e1s,<\/li>\n\n\n\n<li>mi\u00e9rt fontos az \u00e9l\u0151vil\u00e1g sokf\u00e9les\u00e9g\u00e9nek meg\u0151rz\u00e9se,<\/li>\n\n\n\n<li>milyen vesz\u00e9lyek fenyegetik a term\u00e9szetes \u00f6kosziszt\u00e9m\u00e1kat,<\/li>\n\n\n\n<li>valamint milyen egy\u00e9ni \u00e9s k\u00f6z\u00f6ss\u00e9gi l\u00e9p\u00e9sekkel lehet hozz\u00e1j\u00e1rulni a term\u00e9szet v\u00e9delm\u00e9hez.<\/li>\n<\/ul>\n\n\n\n<p>A Padlet a nemzetk\u00f6zi egy\u00fcttm\u0171k\u00f6d\u00e9s r\u00e9szek\u00e9nt j\u00f6tt l\u00e9tre, ahol a r\u00e9sztvev\u0151 di\u00e1kok k\u00f6z\u00f6sen gy\u0171jt\u00f6tt\u00e9k \u00f6ssze \u00f6tleteiket \u00e9s tapasztalataikat. A fel\u00fclet lehet\u0151s\u00e9get biztos\u00edtott arra, hogy a tanul\u00f3k&nbsp;<strong>k\u00fcl\u00f6nb\u00f6z\u0151 orsz\u00e1gokb\u00f3l sz\u00e1rmaz\u00f3 n\u00e9z\u0151pontokat is megismerjenek<\/strong>, \u00e9s \u00f6sszehasonl\u00edts\u00e1k saj\u00e1t k\u00f6rnyezet\u00fck helyzet\u00e9t m\u00e1sok\u00e9val.<\/p>\n\n\n\n<p>A Padlet t\u00f6bb r\u00e9szre tagol\u00f3dik (G\u00f6r\u00f6gorsz\u00e1g, Magyarorsz\u00e1g, Szlov\u00e1kia, Olaszorsz\u00e1g), ahol a di\u00e1kok saj\u00e1t orsz\u00e1guk term\u00e9szeti \u00e9rt\u00e9keit, n\u00f6v\u00e9ny- \u00e9s \u00e1llatvil\u00e1g\u00e1t mutatj\u00e1k be k\u00e9pek \u00e9s r\u00f6vid le\u00edr\u00e1sok seg\u00edts\u00e9g\u00e9vel. Emellett id\u00e9zetek is megjelennek, amelyek a term\u00e9szetv\u00e9delem fontoss\u00e1g\u00e1ra h\u00edvj\u00e1k fel a figyelmet.<\/p>\n\n\n\n<p>A Padlet c\u00e9lja a k\u00f6rnyezettudatos szeml\u00e9let er\u0151s\u00edt\u00e9se, valamint a nemzetk\u00f6zi egy\u00fcttm\u0171k\u00f6d\u00e9s \u00e9s a digit\u00e1lis kompetenci\u00e1k fejleszt\u00e9se volt.<\/p>\n\n\n\n<p>A tev\u00e9kenys\u00e9g c\u00e9lja nemcsak az ismeretszerz\u00e9s volt, hanem a&nbsp;<strong>k\u00f6rnyezettudatos gondolkod\u00e1s fejleszt\u00e9se<\/strong>, valamint az akt\u00edv \u00e1llampolg\u00e1ri szeml\u00e9let er\u0151s\u00edt\u00e9se is. A di\u00e1kok a feladat sor\u00e1n megtanult\u00e1k, hogy a biodiverzit\u00e1s meg\u0151rz\u00e9se k\u00f6z\u00f6s felel\u0151ss\u00e9g, \u00e9s mindennapi d\u00f6nt\u00e9seikkel \u0151k maguk is hat\u00e1ssal vannak a k\u00f6rnyezet \u00e1llapot\u00e1ra.<\/p>\n","protected":false},"excerpt":{"rendered":"<p>Di\u00e1kjaink k\u00f6z\u00f6s nemzetk\u00f6zi egy\u00fcttm\u0171k\u00f6d\u00e9se a&nbsp;tal\u00e1lkoz\u00f3k k\u00f6z\u00f6tt:<\/p>\n","protected":false},"author":1,"featured_media":0,"comment_status":"closed","ping_status":"open","sticky":false,"template":"","format":"standard","meta":{"ngg_post_thumbnail":0,"footnotes":""},"categories":[319],"tags":[153],"class_list":["post-12952","post","type-post","status-publish","format-standard","hentry","category-partnersegi-egyuttmukodesek-a-kozneveles-teruleten-ka220-sch","tag-erasmus"],"_links":{"self":[{"href":"http:\/\/www.eklg.hu\/index.php\/wp-json\/wp\/v2\/posts\/12952","targetHints":{"allow":["GET"]}}],"collection":[{"href":"http:\/\/www.eklg.hu\/index.php\/wp-json\/wp\/v2\/posts"}],"about":[{"href":"http:\/\/www.eklg.hu\/index.php\/wp-json\/wp\/v2\/types\/post"}],"author":[{"embeddable":true,"href":"http:\/\/www.eklg.hu\/index.php\/wp-json\/wp\/v2\/users\/1"}],"replies":[{"embeddable":true,"href":"http:\/\/www.eklg.hu\/index.php\/wp-json\/wp\/v2\/comments?post=12952"}],"version-history":[{"count":1,"href":"http:\/\/www.eklg.hu\/index.php\/wp-json\/wp\/v2\/posts\/12952\/revisions"}],"predecessor-version":[{"id":12953,"href":"http:\/\/www.eklg.hu\/index.php\/wp-json\/wp\/v2\/posts\/12952\/revisions\/12953"}],"wp:attachment":[{"href":"http:\/\/www.eklg.hu\/index.php\/wp-json\/wp\/v2\/media?parent=12952"}],"wp:term":[{"taxonomy":"category","embeddable":true,"href":"http:\/\/www.eklg.hu\/index.php\/wp-json\/wp\/v2\/categories?post=12952"},{"taxonomy":"post_tag","embeddable":true,"href":"http:\/\/www.eklg.hu\/index.php\/wp-json\/wp\/v2\/tags?post=12952"}],"curies":[{"name":"wp","href":"https:\/\/api.w.org\/{rel}","templated":true}]}}