{"id":12943,"date":"2026-02-28T12:23:00","date_gmt":"2026-02-28T11:23:00","guid":{"rendered":"http:\/\/www.eklg.hu\/?p=12943"},"modified":"2026-03-28T12:24:40","modified_gmt":"2026-03-28T11:24:40","slug":"kozos-tevekenyseg","status":"publish","type":"post","link":"http:\/\/www.eklg.hu\/index.php\/2026\/02\/28\/kozos-tevekenyseg\/","title":{"rendered":"K\u00f6z\u00f6s tev\u00e9kenys\u00e9g"},"content":{"rendered":"\n<p>Di\u00e1kok k\u00f6z\u00f6s tev\u00e9kenys\u00e9ge a tal\u00e1lkoz\u00f3k k\u00f6z\u00f6tt<\/p>\n\n\n\n<!--more-->\n\n\n\n<p><a href=\"https:\/\/www.mindomo.com\/mindmap\/d13f9422abf945208e15c9039f7cb658\">https:\/\/www.mindomo.com\/mindmap\/d13f9422abf945208e15c9039f7cb658<\/a><\/p>\n\n\n\n<p>Ez a Mindomo-fel\u00fcleten k\u00e9sz\u00fclt gondolatt\u00e9rk\u00e9p egy olyan digit\u00e1lis egy\u00fcttm\u0171k\u00f6d\u00e9si t\u00e9r, ahol a di\u00e1kok&nbsp;<strong>online, k\u00f6z\u00f6sen dolgoztak egy adott t\u00e9m\u00e1n<\/strong>. A gondolatt\u00e9rk\u00e9p k\u00f6z\u00e9ppontj\u00e1b\u00f3l kiindulva a tanul\u00f3k k\u00fcl\u00f6nb\u00f6z\u0151 \u00e1gak ment\u00e9n rendszerezt\u00e9k az \u00f6tleteiket, \u00edgy vizu\u00e1lisan is j\u00f3l \u00e1ttekinthet\u0151 m\u00f3don tudt\u00e1k feldolgozni a t\u00e9m\u00e1t.<\/p>\n\n\n\n<p>A fel\u00fclet lehet\u0151s\u00e9get biztos\u00edtott arra, hogy a r\u00e9sztvev\u0151k&nbsp;<strong>val\u00f3s id\u0151ben egy\u00fctt szerkessz\u00e9k a tartalmat<\/strong>, megossz\u00e1k gondolataikat, \u00e9s egym\u00e1s munk\u00e1j\u00e1hoz is hozz\u00e1tegyenek.<\/p>\n\n\n\n<p>A di\u00e1kok k\u00fcl\u00f6nb\u00f6z\u0151 elemekkel (kulcsszavak, r\u00f6vid magyar\u00e1zatok, kapcsol\u00f3d\u00f3 fogalmak) b\u0151v\u00edtett\u00e9k a t\u00e9rk\u00e9pet, mik\u00f6zben folyamatosan reflekt\u00e1ltak egym\u00e1s \u00f6tleteire. Ez a m\u00f3dszer seg\u00edtette a&nbsp;<strong>k\u00f6z\u00f6s gondolkod\u00e1st, az inform\u00e1ci\u00f3k rendszerez\u00e9s\u00e9t \u00e9s a probl\u00e9m\u00e1k t\u00f6bb szempontb\u00f3l t\u00f6rt\u00e9n\u0151 megk\u00f6zel\u00edt\u00e9s\u00e9t<\/strong>.<\/p>\n\n\n\n<p>A tev\u00e9kenys\u00e9g sor\u00e1n nemcsak a t\u00e9ma feldolgoz\u00e1sa val\u00f3sult meg, hanem fejl\u0151dtek a tanul\u00f3k&nbsp;<strong>digit\u00e1lis kompetenci\u00e1i, egy\u00fcttm\u0171k\u00f6d\u00e9si k\u00e9szs\u00e9gei \u00e9s kreat\u00edv gondolkod\u00e1sa<\/strong>&nbsp;is.&nbsp;<\/p>\n\n\n\n<p>\u00d6sszess\u00e9g\u00e9ben a Mindomo alkalmaz\u00e1sa egy hat\u00e9kony \u00e9s motiv\u00e1l\u00f3 eszk\u00f6znek bizonyult, amely t\u00e1mogatja a tanul\u00f3k akt\u00edv r\u00e9szv\u00e9tel\u00e9t \u00e9s a nemzetk\u00f6zi online egy\u00fcttm\u0171k\u00f6d\u00e9st.<\/p>\n","protected":false},"excerpt":{"rendered":"<p>Di\u00e1kok k\u00f6z\u00f6s tev\u00e9kenys\u00e9ge a tal\u00e1lkoz\u00f3k k\u00f6z\u00f6tt<\/p>\n","protected":false},"author":1,"featured_media":0,"comment_status":"closed","ping_status":"open","sticky":false,"template":"","format":"standard","meta":{"ngg_post_thumbnail":0,"footnotes":""},"categories":[319],"tags":[153],"class_list":["post-12943","post","type-post","status-publish","format-standard","hentry","category-partnersegi-egyuttmukodesek-a-kozneveles-teruleten-ka220-sch","tag-erasmus"],"_links":{"self":[{"href":"http:\/\/www.eklg.hu\/index.php\/wp-json\/wp\/v2\/posts\/12943","targetHints":{"allow":["GET"]}}],"collection":[{"href":"http:\/\/www.eklg.hu\/index.php\/wp-json\/wp\/v2\/posts"}],"about":[{"href":"http:\/\/www.eklg.hu\/index.php\/wp-json\/wp\/v2\/types\/post"}],"author":[{"embeddable":true,"href":"http:\/\/www.eklg.hu\/index.php\/wp-json\/wp\/v2\/users\/1"}],"replies":[{"embeddable":true,"href":"http:\/\/www.eklg.hu\/index.php\/wp-json\/wp\/v2\/comments?post=12943"}],"version-history":[{"count":1,"href":"http:\/\/www.eklg.hu\/index.php\/wp-json\/wp\/v2\/posts\/12943\/revisions"}],"predecessor-version":[{"id":12944,"href":"http:\/\/www.eklg.hu\/index.php\/wp-json\/wp\/v2\/posts\/12943\/revisions\/12944"}],"wp:attachment":[{"href":"http:\/\/www.eklg.hu\/index.php\/wp-json\/wp\/v2\/media?parent=12943"}],"wp:term":[{"taxonomy":"category","embeddable":true,"href":"http:\/\/www.eklg.hu\/index.php\/wp-json\/wp\/v2\/categories?post=12943"},{"taxonomy":"post_tag","embeddable":true,"href":"http:\/\/www.eklg.hu\/index.php\/wp-json\/wp\/v2\/tags?post=12943"}],"curies":[{"name":"wp","href":"https:\/\/api.w.org\/{rel}","templated":true}]}}