{"id":11766,"date":"2025-10-01T11:59:57","date_gmt":"2025-10-01T09:59:57","guid":{"rendered":"http:\/\/www.eklg.hu\/?p=11766"},"modified":"2025-10-01T11:59:59","modified_gmt":"2025-10-01T09:59:59","slug":"iskolank-ujabb-erasmus-sikere-akkreditacios-forrast-nyertunk","status":"publish","type":"post","link":"http:\/\/www.eklg.hu\/index.php\/2025\/10\/01\/iskolank-ujabb-erasmus-sikere-akkreditacios-forrast-nyertunk\/","title":{"rendered":"Iskol\u00e1nk \u00fajabb Erasmus+ sikere \u2013 akkredit\u00e1ci\u00f3s forr\u00e1st nyert\u00fcnk!"},"content":{"rendered":"\n<p>\u00d6r\u00f6mmel sz\u00e1molunk be arr\u00f3l, hogy iskol\u00e1nk ism\u00e9t sikeresen p\u00e1ly\u00e1zott az <strong>Erasmus+ programban<\/strong>, \u00e9s elnyerte az <strong>akkredit\u00e1ci\u00f3s forr\u00e1st<\/strong> a k\u00f6vetkez\u0151 id\u0151szakra. Ez a lehet\u0151s\u00e9g biztos\u00edtja, hogy di\u00e1kjaink \u00e9s tan\u00e1raink a j\u00f6v\u0151ben is r\u00e9szt vehessenek nemzetk\u00f6zi mobilit\u00e1si programokban, tapasztalatokat szerezzenek, \u00faj kult\u00far\u00e1kat ismerjenek meg, valamint tov\u00e1bb m\u00e9ly\u00edts\u00e9k nyelvi \u00e9s szakmai tud\u00e1sukat.<\/p>\n\n\n\n<!--more-->\n\n\n\n<p>A projekt szerz\u0151d\u00e9ssz\u00e1ma: <strong>2025-1-HU01-KA121-SCH-000344051<\/strong>.<\/p>\n\n\n\n<p>A most elnyert t\u00e1mogat\u00e1s keret\u00e9ben:<\/p>\n\n\n\n<ul class=\"wp-block-list\">\n<li><strong>k\u00f6r\u00fclbel\u00fcl 12 pedag\u00f3gus<\/strong> vehet r\u00e9szt k\u00fcl\u00f6nb\u00f6z\u0151 szakmai kurzusokon, tov\u00e1bbk\u00e9pz\u00e9seken,<\/li>\n\n\n\n<li><strong>45 di\u00e1k<\/strong> fejlesztheti <strong>angol, francia \u00e9s olasz nyelvi k\u00e9szs\u00e9geit<\/strong> nemzetk\u00f6zi k\u00f6rnyezetben.<\/li>\n<\/ul>\n\n\n\n<p>A di\u00e1kok a k\u00f6vetkez\u0151 orsz\u00e1gokban b\u0151v\u00edthetik tud\u00e1sukat:<\/p>\n\n\n\n<ul class=\"wp-block-list\">\n<li><strong>Olaszorsz\u00e1g<\/strong>,<\/li>\n\n\n\n<li><strong>Spanyolorsz\u00e1g<\/strong>,<\/li>\n\n\n\n<li><strong>Franciaorsz\u00e1g<\/strong>.<\/li>\n<\/ul>\n\n\n\n<p>Az akkredit\u00e1ci\u00f3 nagy el\u0151nye, hogy int\u00e9zm\u00e9ny\u00fcnk <strong>hossz\u00fa t\u00e1von is biztos\u00edtott forr\u00e1shoz jut<\/strong> az Erasmus+ programon bel\u00fcl, \u00edgy kisz\u00e1m\u00edthat\u00f3 keretek k\u00f6z\u00f6tt tudjuk tervezni a k\u00f6vetkez\u0151 \u00e9vek nemzetk\u00f6zi projektjeit.<\/p>\n\n\n\n<p>K\u00f6sz\u00f6nj\u00fck minden koll\u00e9g\u00e1nknak \u00e9s di\u00e1knak, akik a p\u00e1ly\u00e1zat el\u0151k\u00e9sz\u00edt\u00e9s\u00e9ben \u00e9s a programban val\u00f3 r\u00e9szv\u00e9telben k\u00f6zrem\u0171k\u00f6dnek. B\u00edzunk benne, hogy az \u00fajabb Erasmus+ lehet\u0151s\u00e9gek tov\u00e1bb er\u0151s\u00edtik iskol\u00e1nk nemzetk\u00f6zi kapcsolatait, \u00e9s hozz\u00e1j\u00e1rulnak di\u00e1kjaink nyitottabb, tudatosabb \u00e9s sikeresebb j\u00f6v\u0151j\u00e9hez.<\/p>\n","protected":false},"excerpt":{"rendered":"<p>\u00d6r\u00f6mmel sz\u00e1molunk be arr\u00f3l, hogy iskol\u00e1nk ism\u00e9t sikeresen p\u00e1ly\u00e1zott az Erasmus+ programban, \u00e9s elnyerte az akkredit\u00e1ci\u00f3s forr\u00e1st a k\u00f6vetkez\u0151 id\u0151szakra. &hellip; <\/p>\n","protected":false},"author":1,"featured_media":0,"comment_status":"closed","ping_status":"open","sticky":false,"template":"","format":"standard","meta":{"ngg_post_thumbnail":0,"footnotes":""},"categories":[378],"tags":[153],"class_list":["post-11766","post","type-post","status-publish","format-standard","hentry","category-ka-121-2025-2026","tag-erasmus"],"_links":{"self":[{"href":"http:\/\/www.eklg.hu\/index.php\/wp-json\/wp\/v2\/posts\/11766","targetHints":{"allow":["GET"]}}],"collection":[{"href":"http:\/\/www.eklg.hu\/index.php\/wp-json\/wp\/v2\/posts"}],"about":[{"href":"http:\/\/www.eklg.hu\/index.php\/wp-json\/wp\/v2\/types\/post"}],"author":[{"embeddable":true,"href":"http:\/\/www.eklg.hu\/index.php\/wp-json\/wp\/v2\/users\/1"}],"replies":[{"embeddable":true,"href":"http:\/\/www.eklg.hu\/index.php\/wp-json\/wp\/v2\/comments?post=11766"}],"version-history":[{"count":1,"href":"http:\/\/www.eklg.hu\/index.php\/wp-json\/wp\/v2\/posts\/11766\/revisions"}],"predecessor-version":[{"id":11767,"href":"http:\/\/www.eklg.hu\/index.php\/wp-json\/wp\/v2\/posts\/11766\/revisions\/11767"}],"wp:attachment":[{"href":"http:\/\/www.eklg.hu\/index.php\/wp-json\/wp\/v2\/media?parent=11766"}],"wp:term":[{"taxonomy":"category","embeddable":true,"href":"http:\/\/www.eklg.hu\/index.php\/wp-json\/wp\/v2\/categories?post=11766"},{"taxonomy":"post_tag","embeddable":true,"href":"http:\/\/www.eklg.hu\/index.php\/wp-json\/wp\/v2\/tags?post=11766"}],"curies":[{"name":"wp","href":"https:\/\/api.w.org\/{rel}","templated":true}]}}